{"id":21283,"date":"2026-04-28T14:30:28","date_gmt":"2026-04-28T12:30:28","guid":{"rendered":"https:\/\/www.coralegnami.it\/?p=21283"},"modified":"2026-04-28T14:30:35","modified_gmt":"2026-04-28T12:30:35","slug":"cora-returns-to-carrefour-international-du-bois","status":"publish","type":"post","link":"https:\/\/www.coralegnami.it\/de\/cora-returns-to-carrefour-international-du-bois\/","title":{"rendered":"Cor\u00e0 returns to Carrefour International du Bois"},"content":{"rendered":"<p><strong>From June 2 to 4<\/strong>, Cor\u00e0 will be in Nantes for <strong>Carrefour International du Bois \u2013 Timbershow<\/strong>, one of the most important <a href=\"https:\/\/www.timbershow.com\/en\/\">international trade fairs<\/a> for the wood industry.<br>With <strong>637 exhibitors from 40 countries<\/strong>, the event once again confirms itself in 2026 as a key meeting point for the entire supply chain: from forestry to finished products, including solutions for construction and design.<\/p><figure class=\"wp-block-image size-large\"><img loading=\"lazy\" decoding=\"async\" width=\"1024\" height=\"1024\" src=\"https:\/\/www.coralegnami.it\/wp-content\/uploads\/2026\/04\/Cora_POST_carre_EN1-1024x1024.jpg\" alt=\"\" class=\"wp-image-21272\" srcset=\"https:\/\/www.coralegnami.it\/wp-content\/uploads\/2026\/04\/Cora_POST_carre_EN1-1024x1024.jpg 1024w, https:\/\/www.coralegnami.it\/wp-content\/uploads\/2026\/04\/Cora_POST_carre_EN1-300x300.jpg 300w, https:\/\/www.coralegnami.it\/wp-content\/uploads\/2026\/04\/Cora_POST_carre_EN1-150x150.jpg 150w, https:\/\/www.coralegnami.it\/wp-content\/uploads\/2026\/04\/Cora_POST_carre_EN1-768x768.jpg 768w, https:\/\/www.coralegnami.it\/wp-content\/uploads\/2026\/04\/Cora_POST_carre_EN1-1536x1536.jpg 1536w, https:\/\/www.coralegnami.it\/wp-content\/uploads\/2026\/04\/Cora_POST_carre_EN1-2048x2048.jpg 2048w, https:\/\/www.coralegnami.it\/wp-content\/uploads\/2026\/04\/Cora_POST_carre_EN1-600x600.jpg 600w, https:\/\/www.coralegnami.it\/wp-content\/uploads\/2026\/04\/Cora_POST_carre_EN1-100x100.jpg 100w\" sizes=\"auto, (max-width: 1024px) 100vw, 1024px\" \/><\/figure><h2 class=\"wp-block-heading\">Innovation and industry trends<\/h2><p>A <strong>rich program of conferences<\/strong>, round tables, and in-depth sessions is on the agenda, designed to provide an overview of the sector\u2019s main developments: sustainability, technical innovation, design, and market growth.<br>Ample space will be dedicated to <strong>new processing techniques<\/strong> and high value-added products, reflecting an approach increasingly focused on quality, sustainability, durability, and eco-design.<\/p><h2 class=\"wp-block-heading\">Where to find us<\/h2><p>The exhibition will be organized into <strong>four thematic halls<\/strong>, designed to enhance product visibility and improve the visitor experience.<\/p><p>Parc des Expositions de Nantes \u2013 La Beaujoire<br>June 2\u20134, 2026<br>&#x1f4cd;&nbsp;Stand B21 \u2013 Hall XXL<\/p><h2 class=\"wp-block-heading\">Come visit us<\/h2><p>Would you like to meet us and discover all our latest innovations up close in one of the most qualified settings in the industry? We look forward to seeing you at the fair.<\/p>","protected":false},"excerpt":{"rendered":"<p>From June 2 to 4, Cor\u00e0 will be in Nantes for Carrefour International du Bois \u2013 Timbershow, one of the most important international trade fairs for the wood industry.With 637<\/p>\n","protected":false},"author":3,"featured_media":21276,"comment_status":"closed","ping_status":"closed","sticky":false,"template":"","format":"standard","meta":{"_acf_changed":false,"footnotes":""},"categories":[598,591],"tags":[],"class_list":["post-21283","post","type-post","status-publish","format-standard","has-post-thumbnail","hentry","category-eventi-de","category-news-de-2"],"acf":[],"yoast_head":"<!-- This site is optimized with the Yoast SEO plugin v24.0 - https:\/\/yoast.com\/wordpress\/plugins\/seo\/ -->\n<title>Cor\u00e0 returns to Carrefour International du Bois - Cor\u00e0 Domenico &amp; Figli<\/title>\n<meta name=\"robots\" content=\"index, follow, max-snippet:-1, max-image-preview:large, max-video-preview:-1\" \/>\n<link rel=\"canonical\" href=\"https:\/\/www.coralegnami.it\/de\/cora-returns-to-carrefour-international-du-bois\/\" \/>\n<meta property=\"og:locale\" content=\"de_DE\" \/>\n<meta property=\"og:type\" content=\"article\" \/>\n<meta property=\"og:title\" content=\"Cor\u00e0 returns to Carrefour International du Bois - Cor\u00e0 Domenico &amp; Figli\" \/>\n<meta property=\"og:description\" content=\"From June 2 to 4, Cor\u00e0 will be in Nantes for Carrefour International du Bois \u2013 Timbershow, one of the most important international trade fairs for the wood industry.With 637\" \/>\n<meta property=\"og:url\" content=\"https:\/\/www.coralegnami.it\/de\/cora-returns-to-carrefour-international-du-bois\/\" \/>\n<meta property=\"og:site_name\" content=\"Cor\u00e0 Domenico &amp; Figli\" \/>\n<meta property=\"article:published_time\" content=\"2026-04-28T12:30:28+00:00\" \/>\n<meta property=\"article:modified_time\" content=\"2026-04-28T12:30:35+00:00\" \/>\n<meta property=\"og:image\" content=\"https:\/\/www.coralegnami.it\/wp-content\/uploads\/2026\/04\/Cora_POST_carre_EN1.jpg\" \/>\n\t<meta property=\"og:image:width\" content=\"2250\" \/>\n\t<meta property=\"og:image:height\" content=\"2250\" \/>\n\t<meta property=\"og:image:type\" content=\"image\/jpeg\" \/>\n<meta name=\"author\" content=\"Maurizio Rigotto\" \/>\n<meta name=\"twitter:card\" content=\"summary_large_image\" \/>\n<meta name=\"twitter:label1\" content=\"Verfasst von\" \/>\n\t<meta name=\"twitter:data1\" content=\"Maurizio Rigotto\" \/>\n\t<meta name=\"twitter:label2\" content=\"Gesch\u00e4tzte Lesezeit\" \/>\n\t<meta name=\"twitter:data2\" content=\"1\u00a0Minute\" \/>\n<script type=\"application\/ld+json\" class=\"yoast-schema-graph\">{\"@context\":\"https:\/\/schema.org\",\"@graph\":[{\"@type\":\"WebPage\",\"@id\":\"https:\/\/www.coralegnami.it\/de\/cora-returns-to-carrefour-international-du-bois\/\",\"url\":\"https:\/\/www.coralegnami.it\/de\/cora-returns-to-carrefour-international-du-bois\/\",\"name\":\"Cor\u00e0 returns to Carrefour International du Bois - Cor\u00e0 Domenico &amp; Figli\",\"isPartOf\":{\"@id\":\"https:\/\/www.coralegnami.it\/#website\"},\"primaryImageOfPage\":{\"@id\":\"https:\/\/www.coralegnami.it\/de\/cora-returns-to-carrefour-international-du-bois\/#primaryimage\"},\"image\":{\"@id\":\"https:\/\/www.coralegnami.it\/de\/cora-returns-to-carrefour-international-du-bois\/#primaryimage\"},\"thumbnailUrl\":\"https:\/\/www.coralegnami.it\/wp-content\/uploads\/2026\/04\/Cora_POST_carre_EN1.jpg\",\"datePublished\":\"2026-04-28T12:30:28+00:00\",\"dateModified\":\"2026-04-28T12:30:35+00:00\",\"author\":{\"@id\":\"https:\/\/www.coralegnami.it\/#\/schema\/person\/ea890102a0d76f1b3729668d4b90524f\"},\"breadcrumb\":{\"@id\":\"https:\/\/www.coralegnami.it\/de\/cora-returns-to-carrefour-international-du-bois\/#breadcrumb\"},\"inLanguage\":\"de\",\"potentialAction\":[{\"@type\":\"ReadAction\",\"target\":[\"https:\/\/www.coralegnami.it\/de\/cora-returns-to-carrefour-international-du-bois\/\"]}]},{\"@type\":\"ImageObject\",\"inLanguage\":\"de\",\"@id\":\"https:\/\/www.coralegnami.it\/de\/cora-returns-to-carrefour-international-du-bois\/#primaryimage\",\"url\":\"https:\/\/www.coralegnami.it\/wp-content\/uploads\/2026\/04\/Cora_POST_carre_EN1.jpg\",\"contentUrl\":\"https:\/\/www.coralegnami.it\/wp-content\/uploads\/2026\/04\/Cora_POST_carre_EN1.jpg\",\"width\":2250,\"height\":2250},{\"@type\":\"BreadcrumbList\",\"@id\":\"https:\/\/www.coralegnami.it\/de\/cora-returns-to-carrefour-international-du-bois\/#breadcrumb\",\"itemListElement\":[{\"@type\":\"ListItem\",\"position\":1,\"name\":\"Home\",\"item\":\"https:\/\/www.coralegnami.it\/de\/\"},{\"@type\":\"ListItem\",\"position\":2,\"name\":\"Cor\u00e0 returns to Carrefour International du Bois\"}]},{\"@type\":\"WebSite\",\"@id\":\"https:\/\/www.coralegnami.it\/#website\",\"url\":\"https:\/\/www.coralegnami.it\/\",\"name\":\"Cor\u00e0 Domenico &amp; Figli\",\"description\":\"Un nuovo sito targato WordPress\",\"potentialAction\":[{\"@type\":\"SearchAction\",\"target\":{\"@type\":\"EntryPoint\",\"urlTemplate\":\"https:\/\/www.coralegnami.it\/?s={search_term_string}\"},\"query-input\":{\"@type\":\"PropertyValueSpecification\",\"valueRequired\":true,\"valueName\":\"search_term_string\"}}],\"inLanguage\":\"de\"},{\"@type\":\"Person\",\"@id\":\"https:\/\/www.coralegnami.it\/#\/schema\/person\/ea890102a0d76f1b3729668d4b90524f\",\"name\":\"Maurizio Rigotto\",\"image\":{\"@type\":\"ImageObject\",\"inLanguage\":\"de\",\"@id\":\"https:\/\/www.coralegnami.it\/#\/schema\/person\/image\/\",\"url\":\"https:\/\/secure.gravatar.com\/avatar\/ea27822cc870dd884e3d82b8cdc6ebb1?s=96&d=mm&r=g\",\"contentUrl\":\"https:\/\/secure.gravatar.com\/avatar\/ea27822cc870dd884e3d82b8cdc6ebb1?s=96&d=mm&r=g\",\"caption\":\"Maurizio Rigotto\"},\"url\":\"https:\/\/www.coralegnami.it\/de\/author\/maurizio\/\"}]}<\/script>\n<!-- \/ Yoast SEO plugin. -->","yoast_head_json":{"title":"Cor\u00e0 returns to Carrefour International du Bois - Cor\u00e0 Domenico &amp; Figli","robots":{"index":"index","follow":"follow","max-snippet":"max-snippet:-1","max-image-preview":"max-image-preview:large","max-video-preview":"max-video-preview:-1"},"canonical":"https:\/\/www.coralegnami.it\/de\/cora-returns-to-carrefour-international-du-bois\/","og_locale":"de_DE","og_type":"article","og_title":"Cor\u00e0 returns to Carrefour International du Bois - Cor\u00e0 Domenico &amp; Figli","og_description":"From June 2 to 4, Cor\u00e0 will be in Nantes for Carrefour International du Bois \u2013 Timbershow, one of the most important international trade fairs for the wood industry.With 637","og_url":"https:\/\/www.coralegnami.it\/de\/cora-returns-to-carrefour-international-du-bois\/","og_site_name":"Cor\u00e0 Domenico &amp; Figli","article_published_time":"2026-04-28T12:30:28+00:00","article_modified_time":"2026-04-28T12:30:35+00:00","og_image":[{"width":2250,"height":2250,"url":"https:\/\/www.coralegnami.it\/wp-content\/uploads\/2026\/04\/Cora_POST_carre_EN1.jpg","type":"image\/jpeg"}],"author":"Maurizio Rigotto","twitter_card":"summary_large_image","twitter_misc":{"Verfasst von":"Maurizio Rigotto","Gesch\u00e4tzte Lesezeit":"1\u00a0Minute"},"schema":{"@context":"https:\/\/schema.org","@graph":[{"@type":"WebPage","@id":"https:\/\/www.coralegnami.it\/de\/cora-returns-to-carrefour-international-du-bois\/","url":"https:\/\/www.coralegnami.it\/de\/cora-returns-to-carrefour-international-du-bois\/","name":"Cor\u00e0 returns to Carrefour International du Bois - Cor\u00e0 Domenico &amp; Figli","isPartOf":{"@id":"https:\/\/www.coralegnami.it\/#website"},"primaryImageOfPage":{"@id":"https:\/\/www.coralegnami.it\/de\/cora-returns-to-carrefour-international-du-bois\/#primaryimage"},"image":{"@id":"https:\/\/www.coralegnami.it\/de\/cora-returns-to-carrefour-international-du-bois\/#primaryimage"},"thumbnailUrl":"https:\/\/www.coralegnami.it\/wp-content\/uploads\/2026\/04\/Cora_POST_carre_EN1.jpg","datePublished":"2026-04-28T12:30:28+00:00","dateModified":"2026-04-28T12:30:35+00:00","author":{"@id":"https:\/\/www.coralegnami.it\/#\/schema\/person\/ea890102a0d76f1b3729668d4b90524f"},"breadcrumb":{"@id":"https:\/\/www.coralegnami.it\/de\/cora-returns-to-carrefour-international-du-bois\/#breadcrumb"},"inLanguage":"de","potentialAction":[{"@type":"ReadAction","target":["https:\/\/www.coralegnami.it\/de\/cora-returns-to-carrefour-international-du-bois\/"]}]},{"@type":"ImageObject","inLanguage":"de","@id":"https:\/\/www.coralegnami.it\/de\/cora-returns-to-carrefour-international-du-bois\/#primaryimage","url":"https:\/\/www.coralegnami.it\/wp-content\/uploads\/2026\/04\/Cora_POST_carre_EN1.jpg","contentUrl":"https:\/\/www.coralegnami.it\/wp-content\/uploads\/2026\/04\/Cora_POST_carre_EN1.jpg","width":2250,"height":2250},{"@type":"BreadcrumbList","@id":"https:\/\/www.coralegnami.it\/de\/cora-returns-to-carrefour-international-du-bois\/#breadcrumb","itemListElement":[{"@type":"ListItem","position":1,"name":"Home","item":"https:\/\/www.coralegnami.it\/de\/"},{"@type":"ListItem","position":2,"name":"Cor\u00e0 returns to Carrefour International du Bois"}]},{"@type":"WebSite","@id":"https:\/\/www.coralegnami.it\/#website","url":"https:\/\/www.coralegnami.it\/","name":"Cor\u00e0 Domenico &amp; Figli","description":"Un nuovo sito targato WordPress","potentialAction":[{"@type":"SearchAction","target":{"@type":"EntryPoint","urlTemplate":"https:\/\/www.coralegnami.it\/?s={search_term_string}"},"query-input":{"@type":"PropertyValueSpecification","valueRequired":true,"valueName":"search_term_string"}}],"inLanguage":"de"},{"@type":"Person","@id":"https:\/\/www.coralegnami.it\/#\/schema\/person\/ea890102a0d76f1b3729668d4b90524f","name":"Maurizio Rigotto","image":{"@type":"ImageObject","inLanguage":"de","@id":"https:\/\/www.coralegnami.it\/#\/schema\/person\/image\/","url":"https:\/\/secure.gravatar.com\/avatar\/ea27822cc870dd884e3d82b8cdc6ebb1?s=96&d=mm&r=g","contentUrl":"https:\/\/secure.gravatar.com\/avatar\/ea27822cc870dd884e3d82b8cdc6ebb1?s=96&d=mm&r=g","caption":"Maurizio Rigotto"},"url":"https:\/\/www.coralegnami.it\/de\/author\/maurizio\/"}]}},"_links":{"self":[{"href":"https:\/\/www.coralegnami.it\/de\/wp-json\/wp\/v2\/posts\/21283","targetHints":{"allow":["GET"]}}],"collection":[{"href":"https:\/\/www.coralegnami.it\/de\/wp-json\/wp\/v2\/posts"}],"about":[{"href":"https:\/\/www.coralegnami.it\/de\/wp-json\/wp\/v2\/types\/post"}],"author":[{"embeddable":true,"href":"https:\/\/www.coralegnami.it\/de\/wp-json\/wp\/v2\/users\/3"}],"replies":[{"embeddable":true,"href":"https:\/\/www.coralegnami.it\/de\/wp-json\/wp\/v2\/comments?post=21283"}],"version-history":[{"count":1,"href":"https:\/\/www.coralegnami.it\/de\/wp-json\/wp\/v2\/posts\/21283\/revisions"}],"predecessor-version":[{"id":21286,"href":"https:\/\/www.coralegnami.it\/de\/wp-json\/wp\/v2\/posts\/21283\/revisions\/21286"}],"wp:featuredmedia":[{"embeddable":true,"href":"https:\/\/www.coralegnami.it\/de\/wp-json\/wp\/v2\/media\/21276"}],"wp:attachment":[{"href":"https:\/\/www.coralegnami.it\/de\/wp-json\/wp\/v2\/media?parent=21283"}],"wp:term":[{"taxonomy":"category","embeddable":true,"href":"https:\/\/www.coralegnami.it\/de\/wp-json\/wp\/v2\/categories?post=21283"},{"taxonomy":"post_tag","embeddable":true,"href":"https:\/\/www.coralegnami.it\/de\/wp-json\/wp\/v2\/tags?post=21283"}],"curies":[{"name":"wp","href":"https:\/\/api.w.org\/{rel}","templated":true}]}}